{"id":320,"date":"2021-10-22T06:56:15","date_gmt":"2021-10-22T04:56:15","guid":{"rendered":"https:\/\/projets-istep.eu\/?p=320"},"modified":"2021-10-22T06:56:19","modified_gmt":"2021-10-22T04:56:19","slug":"sara-campderros","status":"publish","type":"post","link":"https:\/\/projets-istep.eu\/?p=320","title":{"rendered":"Sara Campderros"},"content":{"rendered":"\n<p>Je m\u2019appelle Sara Campderros et je suis espagnole.<\/p>\n\n\n\n<p><strong>Quelle est ta formation scientifique ?\u00a0<\/strong><\/p>\n\n\n\n<p>J\u2019ai fait des \u00e9tudes en Science de l\u2019Environnement et en Geologie. J\u2019ai un diplome de Master en Oceanographie et Gestion des C\u00f4tes.<\/p>\n\n\n\n<p><strong>Quelle est ta sp\u00e9cialit\u00e9 scientifique \u00a0?\u00a0<\/strong><\/p>\n\n\n\n<p>La paleo-oceanographie and la paleo-climatologie.<\/p>\n\n\n\n<p><strong>Que sais tu de l\u2019histoire la Mer d\u2019Alboran \u00e0 travers ta sp\u00e9cialit\u00e9\u00a0?\u00a0<\/strong><\/p>\n\n\n\n<p>J\u2019\u00e9tudie l\u2019effet des changements climatiques sur la mer d\u2019Alboran, depuis le dernier maximum glaciaire. C\u2019\u00e9tait il y a environ 25\u00a0000 ans. Je me penche particulierement sur les derni\u00e8res couches de d\u00e9pots organiques (mati\u00e8res animales ou v\u00e9g\u00e9tales qui se d\u00e9posent au fond de la mer) vieilles de 12\u00a0000 \u00e0 18 000 ans. J\u2019essaie de comprendre les conditions climatiques et oc\u00e9anographiques qui ont conduit \u00e0 ces d\u00e9pots \u00e0 l\u2019\u00e9poque.<\/p>\n\n\n\n<p><strong>A quelle question veux tu r\u00e9pondre dans cette mission\u00a0?\u00a0<\/strong><\/p>\n\n\n\n<p>Comment ont \u00e9volu\u00e9 le climat et la mer d\u2019Alboran dans le pass\u00e9 ?<\/p>\n\n\n\n<p><strong>Comment vas-tu t\u2019y prendre pour r\u00e9pondre \u00e0 cette question\u00a0?<\/strong><\/p>\n\n\n\n<p>En pr\u00e9levant des colonnes de s\u00e9diments, qu\u2019on appelle des carottes de diff\u00e9rentes parties de la mer d\u2019Alboran et en les \u00e9tudiant \u00e0 bord et en laboratoire ensuite avec des outils de datation paleo-oc\u00e9anographiques. On parle de \u201ctraceurs g\u00e9ochimiques\u201d, car ils gardent la trace de l\u2019histoire du d\u00e9pot. C\u2019est le cas pour le rapport des isotopes carbone 14 et 16 par exemple. Nous allons ainsi essayer de reconstruire dans la mesure du possible l\u2019histoire climatique et oceanographique de la mer d\u2019Alboran.<\/p>\n\n\n\n<figure class=\"wp-block-image size-full\"><img loading=\"lazy\" decoding=\"async\" width=\"354\" height=\"503\" src=\"https:\/\/projets-istep.eu\/wp-content\/uploads\/2021\/10\/IMG_4031.jpg\" alt=\"\" class=\"wp-image-322\" srcset=\"https:\/\/projets-istep.eu\/wp-content\/uploads\/2021\/10\/IMG_4031.jpg 354w, https:\/\/projets-istep.eu\/wp-content\/uploads\/2021\/10\/IMG_4031-211x300.jpg 211w, https:\/\/projets-istep.eu\/wp-content\/uploads\/2021\/10\/IMG_4031-82x116.jpg 82w\" sizes=\"auto, (max-width: 354px) 100vw, 354px\" \/><\/figure>\n","protected":false},"excerpt":{"rendered":"<p>Je m\u2019appelle Sara Campderros et je suis espagnole. Quelle est ta formation scientifique ?\u00a0 J\u2019ai fait des \u00e9tudes en Science de l\u2019Environnement et en Geologie. J\u2019ai un diplome de Master en Oceanographie et Gestion des C\u00f4tes. Quelle est ta sp\u00e9cialit\u00e9 scientifique \u00a0?\u00a0 La paleo-oceanographie and la paleo-climatologie. Que sais tu de l\u2019histoire la Mer d\u2019Alboran [&hellip;]<\/p>\n","protected":false},"author":2,"featured_media":321,"comment_status":"open","ping_status":"closed","sticky":false,"template":"","format":"standard","meta":{"footnotes":""},"categories":[4],"tags":[],"class_list":["post-320","post","type-post","status-publish","format-standard","has-post-thumbnail","hentry","category-portraits"],"_links":{"self":[{"href":"https:\/\/projets-istep.eu\/index.php?rest_route=\/wp\/v2\/posts\/320","targetHints":{"allow":["GET"]}}],"collection":[{"href":"https:\/\/projets-istep.eu\/index.php?rest_route=\/wp\/v2\/posts"}],"about":[{"href":"https:\/\/projets-istep.eu\/index.php?rest_route=\/wp\/v2\/types\/post"}],"author":[{"embeddable":true,"href":"https:\/\/projets-istep.eu\/index.php?rest_route=\/wp\/v2\/users\/2"}],"replies":[{"embeddable":true,"href":"https:\/\/projets-istep.eu\/index.php?rest_route=%2Fwp%2Fv2%2Fcomments&post=320"}],"version-history":[{"count":1,"href":"https:\/\/projets-istep.eu\/index.php?rest_route=\/wp\/v2\/posts\/320\/revisions"}],"predecessor-version":[{"id":323,"href":"https:\/\/projets-istep.eu\/index.php?rest_route=\/wp\/v2\/posts\/320\/revisions\/323"}],"wp:featuredmedia":[{"embeddable":true,"href":"https:\/\/projets-istep.eu\/index.php?rest_route=\/wp\/v2\/media\/321"}],"wp:attachment":[{"href":"https:\/\/projets-istep.eu\/index.php?rest_route=%2Fwp%2Fv2%2Fmedia&parent=320"}],"wp:term":[{"taxonomy":"category","embeddable":true,"href":"https:\/\/projets-istep.eu\/index.php?rest_route=%2Fwp%2Fv2%2Fcategories&post=320"},{"taxonomy":"post_tag","embeddable":true,"href":"https:\/\/projets-istep.eu\/index.php?rest_route=%2Fwp%2Fv2%2Ftags&post=320"}],"curies":[{"name":"wp","href":"https:\/\/api.w.org\/{rel}","templated":true}]}}